{"id":101,"date":"2019-05-21T14:28:52","date_gmt":"2019-05-21T14:28:52","guid":{"rendered":"http:\/\/florian-merzig-wadern.com\/?p=101"},"modified":"2019-05-21T14:28:52","modified_gmt":"2019-05-21T14:28:52","slug":"gemeinschaftsuebung-jugendfeuerwehr-hausbach-und-malteser-jugend-nunkirchen","status":"publish","type":"post","link":"https:\/\/staging.florian-merzig-wadern.com\/?p=101","title":{"rendered":"Gemeinschafts\u00fcbung Jugendfeuerwehr Hausbach und Malteser Jugend Nunkirchen"},"content":{"rendered":"\n<div class=\"wp-block-image\"><figure class=\"alignright is-resized\"><img loading=\"lazy\" decoding=\"async\" src=\"http:\/\/florian-merzig-wadern.com\/wp-content\/uploads\/2019\/05\/pic002-2-768x1024.jpg\" alt=\"\" class=\"wp-image-98\" width=\"296\" height=\"394\" \/><figcaption>Gemeinsamer Einsatz<\/figcaption><\/figure><\/div>\n\n\n\n<p>Am 18. Mai hie\u00df es f\u00fcr die Jugend des Malteser Hilfedienstes aus Nunkirchen und der Jugendfeuerwehr Hausbach: \u201eGaragenbrand mit unklarer Menschenlage\u201c. <\/p>\n\n\n\n<p>Sofort r\u00fcckte die Jugend beider Hilfsorganisationen mit einem L\u00f6schfahrzeug seitens der Feuerwehr, und einem Rettungswagen und Mannschaftstransportwagen seitens des MHD aus. <\/p>\n\n\n\n<p>Vor Ort drang bereits dichter Rauch aus einer Garage. Des Weiteren machte sich eine verletzte Person lautstark bemerkbar, welche umgehend beruhigt und medizinisch versorgt wurde. Der Gruppenf\u00fchrer der Jugendfeuerwehr stellte fest, dass es in einer unmittelbar neben der Garage liegenden Werkstatt zu einer Verpuffung gekommen war. W\u00e4hrend sich eine Person mit Verbrennungen und einem Schock selbstst\u00e4ndig ins Freie retten konnte, wurde eine Person noch immer vermisst. So wurde der Innenangriff durch die jungen Brandbek\u00e4mpfer umgehend eingeleitet und ein Trupp wagte sich mit Atemschutzattrappen in den dichten \u201eRauch\u201c (dargestellt durch ungef\u00e4hrlichen Disco-Nebel) um die vermisste Person zu retten. <\/p>\n\n\n\n<p>Hierbei gestaltete sich die Rettung recht schwierig, da die verrauchten R\u00e4umlichkeiten v\u00f6llig unbekannt waren und die Person sich aufgrund ihres Gesundheitszustands nicht mehr melden konnte. Doch gemeinsam schaffte es der Trupp diese zu finden und an die Malteser Jugend zu \u00fcbergeben. W\u00e4hrend die Jugendfeuerwehr den L\u00f6schangriff einleitete, k\u00e4mpften die jungen Retter des MHD um das Leben der Person, die aufgrund einer Rauchgasvergiftung bewusstlos war. Nach rund einer Stunde kam seitens der Feuerwehr die Meldung \u201eFeuer aus\u201c und vom Malteser Hilfsdienst die Meldung \u201eAlle Patienten an Rettungsmittel \u00fcbergeben\u201c. Nach einer kurzen Man\u00f6verkritik stellten die Gruppenf\u00fchrer der beiden Hilfsorganisationen fest, dass die \u00dcbung rundum gelungen war.<\/p>\n\n\n\n<ul class=\"wp-block-gallery columns-3 is-cropped wp-block-gallery-1 is-layout-flex wp-block-gallery-is-layout-flex\"><li class=\"blocks-gallery-item\"><figure><img decoding=\"async\" src=\"http:\/\/florian-merzig-wadern.com\/wp-content\/uploads\/2019\/05\/pic004-2-1024x647.jpg\" alt=\"\" data-id=\"100\" data-link=\"http:\/\/florian-merzig-wadern.com\/pic004-3\/\" class=\"wp-image-100\" \/><figcaption>Gruppenfoto der Teilnehmer<\/figcaption><\/figure><\/li><li class=\"blocks-gallery-item\"><figure><img decoding=\"async\" src=\"http:\/\/florian-merzig-wadern.com\/wp-content\/uploads\/2019\/05\/pic003-2-768x1024.jpg\" alt=\"\" data-id=\"99\" data-link=\"http:\/\/florian-merzig-wadern.com\/pic003-3\/\" class=\"wp-image-99\" \/><figcaption>Rettung einer Person<\/figcaption><\/figure><\/li><li class=\"blocks-gallery-item\"><figure><img decoding=\"async\" src=\"http:\/\/florian-merzig-wadern.com\/wp-content\/uploads\/2019\/05\/pic002-2-768x1024.jpg\" alt=\"\" data-id=\"98\" data-link=\"http:\/\/florian-merzig-wadern.com\/pic002-3\/\" class=\"wp-image-98\" \/><figcaption>Gemeinsamer Einsatz<\/figcaption><\/figure><\/li><li class=\"blocks-gallery-item\"><figure><img decoding=\"async\" src=\"http:\/\/florian-merzig-wadern.com\/wp-content\/uploads\/2019\/05\/pic001-3-1024x768.jpg\" alt=\"\" data-id=\"97\" data-link=\"http:\/\/florian-merzig-wadern.com\/pic001-4\/\" class=\"wp-image-97\" \/><figcaption>Jugendfeuerwehr geht zum Einsatz vor<\/figcaption><\/figure><\/li><\/ul>\n","protected":false},"excerpt":{"rendered":"<p>Am 18. Mai hie\u00df es f\u00fcr die Jugend des Malteser Hilfedienstes aus Nunkirchen und der Jugendfeuerwehr Hausbach: \u201eGaragenbrand mit unklarer<\/p>\n","protected":false},"author":2,"featured_media":100,"comment_status":"closed","ping_status":"closed","sticky":false,"template":"","format":"standard","meta":{"footnotes":""},"categories":[3,10],"tags":[17,31],"class_list":["post-101","post","type-post","status-publish","format-standard","has-post-thumbnail","hentry","category-feuerwehr-losheim","category-jugendfeuerwehren","tag-17","tag-jfw","comments-off"],"_links":{"self":[{"href":"https:\/\/staging.florian-merzig-wadern.com\/index.php?rest_route=\/wp\/v2\/posts\/101","targetHints":{"allow":["GET"]}}],"collection":[{"href":"https:\/\/staging.florian-merzig-wadern.com\/index.php?rest_route=\/wp\/v2\/posts"}],"about":[{"href":"https:\/\/staging.florian-merzig-wadern.com\/index.php?rest_route=\/wp\/v2\/types\/post"}],"author":[{"embeddable":true,"href":"https:\/\/staging.florian-merzig-wadern.com\/index.php?rest_route=\/wp\/v2\/users\/2"}],"replies":[{"embeddable":true,"href":"https:\/\/staging.florian-merzig-wadern.com\/index.php?rest_route=%2Fwp%2Fv2%2Fcomments&post=101"}],"version-history":[{"count":0,"href":"https:\/\/staging.florian-merzig-wadern.com\/index.php?rest_route=\/wp\/v2\/posts\/101\/revisions"}],"wp:featuredmedia":[{"embeddable":true,"href":"https:\/\/staging.florian-merzig-wadern.com\/index.php?rest_route=\/wp\/v2\/media\/100"}],"wp:attachment":[{"href":"https:\/\/staging.florian-merzig-wadern.com\/index.php?rest_route=%2Fwp%2Fv2%2Fmedia&parent=101"}],"wp:term":[{"taxonomy":"category","embeddable":true,"href":"https:\/\/staging.florian-merzig-wadern.com\/index.php?rest_route=%2Fwp%2Fv2%2Fcategories&post=101"},{"taxonomy":"post_tag","embeddable":true,"href":"https:\/\/staging.florian-merzig-wadern.com\/index.php?rest_route=%2Fwp%2Fv2%2Ftags&post=101"}],"curies":[{"name":"wp","href":"https:\/\/api.w.org\/{rel}","templated":true}]}}