{"id":105,"date":"2019-05-21T21:31:33","date_gmt":"2019-05-21T21:31:33","guid":{"rendered":"http:\/\/florian-merzig-wadern.com\/?p=105"},"modified":"2019-05-21T21:31:33","modified_gmt":"2019-05-21T21:31:33","slug":"21-neue-sprechfunker-in-der-gemeinde-losheim-am-see","status":"publish","type":"post","link":"https:\/\/staging.florian-merzig-wadern.com\/?p=105","title":{"rendered":"21 neue Sprechfunker in der Gemeinde Losheim am See"},"content":{"rendered":"\n<p>Am Wochenende vom 16. auf den 17. Februar 2019 fand in und um die Feuerwache ein Sprechfunkerlehrgang f\u00fcr Angeh\u00f6rige der Feuerwehr statt. Die Ausbildungsleiter der Gemeinde Losheim am See, Ralf Dillenburger und Marc Hoffmann, konnten gemeinsam mit dem Funksachbearbeiter der Gemeinde Losheim am See, Oliver Fehr, 21 Teilnehmer aus den L\u00f6schbezirken der Gemeinde Losheim am See begr\u00fc\u00dfen.<\/p>\n\n\n\n<p>Mit tatkr\u00e4ftiger Unterst\u00fctzung der Ausbildermannschaft aus den Gemeinden Losheim am See, Merzig und Weiskirchen konnte den Teilnehmern ein abwechslungsreiches und fundiertes Ausbildungsprogramm geboten werden.<\/p>\n\n\n\n<p>Zur Vertiefung der in der Theorie erlernten Kenntnisse wurde auch in diesem Jahr im Rahmen einer gr\u00f6\u00dferen Funk\u00fcbung quer durch den Landkreis Merzig-Wadern die notwendige Praxis mit Funkger\u00e4ten vermittelt und das zuvor erlernte Wissen so vertieft.<\/p>\n\n\n\n<p>Zum Lehrgangsabschluss am Sonntag Nachmittag konnte der Gemeindewehrf\u00fchrer Andreas Brausch gemeinsam mit der Lehrgangsleitung allen 21 Absolventen zum erfolgreichen Lehrgangsabschluss gratulieren und ihnen die Teilnehmerurkunden \u00fcberreichen. <\/p>\n\n\n\n<figure class=\"wp-block-image\"><img decoding=\"async\" src=\"http:\/\/florian-merzig-wadern.com\/wp-content\/uploads\/2019\/05\/IMG_0586-1024x768.jpg\" alt=\"\" class=\"wp-image-107\"\/><figcaption>Die frisch gebackenen Sprechfunker der Feuerwehr Losheim am See<\/figcaption><\/figure>\n\n\n\n<p><\/p>\n","protected":false},"excerpt":{"rendered":"<p>Am Wochenende vom 16. auf den 17. Februar 2019 fand in und um die Feuerwache ein Sprechfunkerlehrgang f\u00fcr Angeh\u00f6rige der<\/p>\n","protected":false},"author":5,"featured_media":109,"comment_status":"closed","ping_status":"closed","sticky":false,"template":"","format":"standard","meta":{"footnotes":""},"categories":[3],"tags":[17,19,21,34,40],"class_list":["post-105","post","type-post","status-publish","format-standard","has-post-thumbnail","hentry","category-feuerwehr-losheim","tag-17","tag-aktivwehr","tag-ausbildung","tag-lehrgang","tag-sprechfunk","comments-off"],"_links":{"self":[{"href":"https:\/\/staging.florian-merzig-wadern.com\/index.php?rest_route=\/wp\/v2\/posts\/105","targetHints":{"allow":["GET"]}}],"collection":[{"href":"https:\/\/staging.florian-merzig-wadern.com\/index.php?rest_route=\/wp\/v2\/posts"}],"about":[{"href":"https:\/\/staging.florian-merzig-wadern.com\/index.php?rest_route=\/wp\/v2\/types\/post"}],"author":[{"embeddable":true,"href":"https:\/\/staging.florian-merzig-wadern.com\/index.php?rest_route=\/wp\/v2\/users\/5"}],"replies":[{"embeddable":true,"href":"https:\/\/staging.florian-merzig-wadern.com\/index.php?rest_route=%2Fwp%2Fv2%2Fcomments&post=105"}],"version-history":[{"count":0,"href":"https:\/\/staging.florian-merzig-wadern.com\/index.php?rest_route=\/wp\/v2\/posts\/105\/revisions"}],"wp:featuredmedia":[{"embeddable":true,"href":"https:\/\/staging.florian-merzig-wadern.com\/index.php?rest_route=\/wp\/v2\/media\/109"}],"wp:attachment":[{"href":"https:\/\/staging.florian-merzig-wadern.com\/index.php?rest_route=%2Fwp%2Fv2%2Fmedia&parent=105"}],"wp:term":[{"taxonomy":"category","embeddable":true,"href":"https:\/\/staging.florian-merzig-wadern.com\/index.php?rest_route=%2Fwp%2Fv2%2Fcategories&post=105"},{"taxonomy":"post_tag","embeddable":true,"href":"https:\/\/staging.florian-merzig-wadern.com\/index.php?rest_route=%2Fwp%2Fv2%2Ftags&post=105"}],"curies":[{"name":"wp","href":"https:\/\/api.w.org\/{rel}","templated":true}]}}